{"id":11,"__str__":"Indica\u00e7\u00e3o n\u00ba 8 de 2023","link_detail_backend":"/materia/11","metadata":{},"numero":8,"ano":2023,"numero_protocolo":null,"data_apresentacao":"2023-04-10","tipo_apresentacao":"E","data_publicacao":null,"numero_origem_externa":"","ano_origem_externa":null,"data_origem_externa":null,"apelido":"","dias_prazo":null,"data_fim_prazo":null,"em_tramitacao":false,"polemica":false,"objeto":"","complementar":false,"ementa":"Que, junto ao Departamento respons\u00e1vel, estude a possibilidade de contrata\u00e7\u00e3o de um Fonoaudi\u00f3logo para atender as muitas demandas que vem se apresentando em nossa cidade, pois temos recebidos v\u00e1rias reclama\u00e7\u00f5es de pais, professores e outros profissionais da sa\u00fade, que informaram da grande quantidade de crian\u00e7as que apresentam dificuldades na fala, seja por problemas cr\u00f4nicos, familiar, psicol\u00f3gico ou outro diagn\u00f3stico que somente um profissional especializado poder\u00e1 detectar e corrigir.","indexacao":"","observacao":"","resultado":"","texto_original":"http://sapl.kalore.pr.leg.br/media/sapl/public/materialegislativa/2023/11/indicacao_no08-2023.pdf","data_ultima_atualizacao":"2023-07-07T13:59:36.418578-03:00","ip":"143.208.83.3","ultima_edicao":"2023-07-07T13:58:24.668283-03:00","tipo":8,"regime_tramitacao":1,"tipo_origem_externa":null,"local_origem_externa":null,"user":15,"anexadas":[],"autores":[22]}