{"id":128,"__str__":"Indica\u00e7\u00e3o n\u00ba 4 de 2024","link_detail_backend":"/materia/128","metadata":{},"numero":4,"ano":2024,"numero_protocolo":22,"data_apresentacao":"2024-03-01","tipo_apresentacao":"","data_publicacao":null,"numero_origem_externa":"","ano_origem_externa":null,"data_origem_externa":null,"apelido":"","dias_prazo":null,"data_fim_prazo":null,"em_tramitacao":false,"polemica":false,"objeto":"","complementar":false,"ementa":"elabora\u00e7\u00e3o e envio de projeto de lei, de compet\u00eancia exclusiva do Poder Executivo Municipal para esta Casa.,  que possibilite a redu\u00e7\u00e3o de carga hor\u00e1ria da jornada de trabalho dos servidores p\u00fablicos municipais (pais, respons\u00e1veis, c\u00f4njuge ou dependente), de autistas ou com defici\u00eancia.","indexacao":"","observacao":"","resultado":"","texto_original":"http://sapl.kalore.pr.leg.br/media/sapl/public/materialegislativa/2024/128/indicacao_004-2024_junior_reducao_de_jornada.docx","data_ultima_atualizacao":"2024-03-05T13:56:25.231384-03:00","ip":"143.208.83.2","ultima_edicao":"2024-03-01T15:18:59.489199-03:00","tipo":8,"regime_tramitacao":1,"tipo_origem_externa":null,"local_origem_externa":null,"user":24,"anexadas":[],"autores":[22]}