{"id":12,"__str__":"Indica\u00e7\u00e3o n\u00ba 9 de 2023","link_detail_backend":"/materia/12","metadata":{},"numero":9,"ano":2023,"numero_protocolo":null,"data_apresentacao":"2023-04-10","tipo_apresentacao":"E","data_publicacao":null,"numero_origem_externa":"","ano_origem_externa":null,"data_origem_externa":null,"apelido":"","dias_prazo":null,"data_fim_prazo":null,"em_tramitacao":false,"polemica":false,"objeto":"","complementar":false,"ementa":"Que, dentro das possibilidades, fa\u00e7a revitaliza\u00e7\u00e3o na cal\u00e7ada em frente ao Cemit\u00e9rio Municipal, dando continuidade a reforma feita pelo Col\u00e9gio Estadual Abraham Lincoln, trocando o cal\u00e7amento por \u201cPaver\u201d,  e tamb\u00e9m fazer a troca da arboriza\u00e7\u00e3o, com plantio de \u00e1rvores novas, que n\u00e3o danifica o cal\u00e7amento.","indexacao":"","observacao":"","resultado":"","texto_original":"http://sapl.kalore.pr.leg.br/media/sapl/public/materialegislativa/2023/12/indicacao_no09-2023.pdf","data_ultima_atualizacao":"2023-07-17T13:54:35.062014-03:00","ip":"143.208.83.3","ultima_edicao":"2023-07-17T13:54:05.115594-03:00","tipo":8,"regime_tramitacao":1,"tipo_origem_externa":null,"local_origem_externa":null,"user":17,"anexadas":[],"autores":[14]}