{"id":15,"__str__":"Indica\u00e7\u00e3o n\u00ba 11 de 2023","link_detail_backend":"/materia/15","metadata":{},"numero":11,"ano":2023,"numero_protocolo":null,"data_apresentacao":"2023-04-17","tipo_apresentacao":"E","data_publicacao":null,"numero_origem_externa":"","ano_origem_externa":null,"data_origem_externa":null,"apelido":"","dias_prazo":null,"data_fim_prazo":null,"em_tramitacao":false,"polemica":false,"objeto":"","complementar":false,"ementa":"Conforme o artigo 129 da Lei Org\u00e2nica  Municipal, Par\u00e1grafo \u00danico, \u201c ...Somente ap\u00f3s um ano de falecimento, poder\u00e1 ser homenageada qualquer pessoa....\u201d  com o nome em bens e servi\u00e7os p\u00fablicos, que seja a Rotat\u00f3ria situada na Rua Orlando Carlos Pereira e Dr. Ot\u00e1vio, nesta cidade, designada com \u201cRotat\u00f3ria Dimas Dantas da Silva\u201d, falecido em 12/11/2021.\r\nO  Senhor Dimas, pessoa id\u00f4nea que zelava com muito carinho da rotat\u00f3ria, mantinha o local sempre limpo, com flores e na mais perfeita ordem, que o local seja assim conservado e seja instalada um placa em sua homenagem.","indexacao":"","observacao":"","resultado":"","texto_original":null,"data_ultima_atualizacao":"2023-07-17T13:58:56.695092-03:00","ip":"143.208.83.3","ultima_edicao":"2023-07-17T13:58:05.613836-03:00","tipo":8,"regime_tramitacao":1,"tipo_origem_externa":null,"local_origem_externa":null,"user":17,"anexadas":[],"autores":[22]}