{"id":169,"__str__":"Indica\u00e7\u00e3o n\u00ba 25 de 2024","link_detail_backend":"/materia/169","metadata":{},"numero":25,"ano":2024,"numero_protocolo":155,"data_apresentacao":"2024-09-09","tipo_apresentacao":"E","data_publicacao":null,"numero_origem_externa":"","ano_origem_externa":null,"data_origem_externa":null,"apelido":"","dias_prazo":null,"data_fim_prazo":null,"em_tramitacao":true,"polemica":false,"objeto":"","complementar":false,"ementa":"Que seja feita a pintura dos quebra molas e faixas de pedestres, com tintas pr\u00f3prias (fluorescentes) em todo o Munic\u00edpio, \u00e9 uma provid\u00eancia necess\u00e1ria,  pois as faixas de pedestres e quebra molas encontram-se com a pintura bem desgastada, apagadas ou sem pintura e considerando que essas sinaliza\u00e7\u00f5es  s\u00e3o fundamentais para garantir que o pedestre atravesse em seguran\u00e7a e que os motoristas tenham maior visualiza\u00e7\u00e3o. \r\nSolicito que esse servi\u00e7o seja realizado com urg\u00eancia.","indexacao":"","observacao":"","resultado":"","texto_original":"http://sapl.kalore.pr.leg.br/media/sapl/public/materialegislativa/2024/169/indicacao_025-2024_junior_pintura_de_quebra_molas.docx","data_ultima_atualizacao":"2024-09-09T13:48:45.448509-03:00","ip":"143.208.83.2","ultima_edicao":"2024-09-09T13:48:24.751821-03:00","tipo":8,"regime_tramitacao":1,"tipo_origem_externa":null,"local_origem_externa":null,"user":24,"anexadas":[],"autores":[22]}