{"id":172,"__str__":"Indica\u00e7\u00e3o n\u00ba 27 de 2024","link_detail_backend":"/materia/172","metadata":{},"numero":27,"ano":2024,"numero_protocolo":160,"data_apresentacao":"2024-09-16","tipo_apresentacao":"E","data_publicacao":null,"numero_origem_externa":"","ano_origem_externa":null,"data_origem_externa":null,"apelido":"","dias_prazo":null,"data_fim_prazo":null,"em_tramitacao":false,"polemica":false,"objeto":"","complementar":false,"ementa":"O Vereador Marcos Roberto Sanches Junior, no uso de suas atribui\u00e7\u00f5es regimentais, vem respeitosamente indicar ao Executivo Municipal, depois de ouvido o plen\u00e1rio, o seguinte: Que estude junto aos setores para se fazer valer a lei N\u00ba 017/2017 que disp\u00f5e sobre a denomina\u00e7\u00e3o de patrim\u00f4nios p\u00fablicos. Os mesmos devem ser identificados e as fam\u00edlias homenageadas.","indexacao":"","observacao":"","resultado":"","texto_original":"http://sapl.kalore.pr.leg.br/media/sapl/public/materialegislativa/2024/172/indicacao_027-2024_junior__nome_patrimonio_publico.docx","data_ultima_atualizacao":"2024-10-01T14:27:43.088537-03:00","ip":"143.208.83.2","ultima_edicao":"2024-09-16T14:23:32.934161-03:00","tipo":8,"regime_tramitacao":1,"tipo_origem_externa":null,"local_origem_externa":null,"user":24,"anexadas":[],"autores":[22]}