{"id":173,"__str__":"Indica\u00e7\u00e3o n\u00ba 28 de 2024","link_detail_backend":"/materia/173","metadata":{},"numero":28,"ano":2024,"numero_protocolo":161,"data_apresentacao":"2024-09-23","tipo_apresentacao":"E","data_publicacao":null,"numero_origem_externa":"","ano_origem_externa":null,"data_origem_externa":null,"apelido":"","dias_prazo":null,"data_fim_prazo":null,"em_tramitacao":false,"polemica":false,"objeto":"","complementar":false,"ementa":"Solicita ao Executivo Municipal, junto com o Departamento Municipal de Sa\u00fade a  verifica\u00e7\u00e3o da fila de espera para atendimento psicol\u00f3gico e informe a esta Casa de Leis, se existe a fila? Os profissionais est\u00e3o em quantidade adequada? Se sim,  o que est\u00e3o fazendo para suprir a falta e diminuir a fila ?","indexacao":"","observacao":"","resultado":"","texto_original":"http://sapl.kalore.pr.leg.br/media/sapl/public/materialegislativa/2024/173/indicacao_028-2024_junior__atendimento_psicoloico.docx","data_ultima_atualizacao":"2024-10-01T14:29:08.623589-03:00","ip":"143.208.83.2","ultima_edicao":"2024-09-23T14:17:14.474069-03:00","tipo":8,"regime_tramitacao":1,"tipo_origem_externa":null,"local_origem_externa":null,"user":24,"anexadas":[],"autores":[22]}