{"id":198,"__str__":"Projeto de Lei Complementar n\u00ba 7 de 2025","link_detail_backend":"/materia/198","metadata":{},"numero":7,"ano":2025,"numero_protocolo":18,"data_apresentacao":"2025-02-24","tipo_apresentacao":"E","data_publicacao":null,"numero_origem_externa":"","ano_origem_externa":null,"data_origem_externa":null,"apelido":"","dias_prazo":null,"data_fim_prazo":null,"em_tramitacao":false,"polemica":false,"objeto":"","complementar":true,"ementa":"Fica Institu\u00eddo o Programa  de Recupera\u00e7\u00e3o Fiscal - REFIS 2025, REALTIVO AOS D\u00c9BITOS FISCAIS PARA COM O MUNIC\u00cdPIO DE KALOR\u00c9","indexacao":"","observacao":"","resultado":"","texto_original":"http://sapl.kalore.pr.leg.br/media/sapl/public/materialegislativa/2025/198/pl_07_-_refis.docx","data_ultima_atualizacao":"2025-03-19T08:32:01.647070-03:00","ip":"143.208.83.3","ultima_edicao":"2025-02-25T14:29:39.494637-03:00","tipo":5,"regime_tramitacao":1,"tipo_origem_externa":null,"local_origem_externa":null,"user":24,"anexadas":[],"autores":[39]}