{"id":19,"__str__":"Indica\u00e7\u00e3o n\u00ba 16 de 2023","link_detail_backend":"/materia/19","metadata":{},"numero":16,"ano":2023,"numero_protocolo":null,"data_apresentacao":"2023-05-08","tipo_apresentacao":"E","data_publicacao":null,"numero_origem_externa":"","ano_origem_externa":null,"data_origem_externa":null,"apelido":"","dias_prazo":null,"data_fim_prazo":null,"em_tramitacao":false,"polemica":false,"objeto":"","complementar":false,"ementa":"Considerando o aumento no n\u00famero de motocicletas, motonetas e bicicletas em nossa cidade e que por vezes, ao serem estacionadas  em local impr\u00f3prio comprometem a vaga de um ve\u00edculo, solicito ao Poder Executivo que, com a maior brevidade, determine as provid\u00eancias para regulamentar locais para estacionamento exclusivo para motos, motonetas e bicicletas, na Avenida Paran\u00e1.","indexacao":"","observacao":"","resultado":"","texto_original":"http://sapl.kalore.pr.leg.br/media/sapl/public/materialegislativa/2023/19/indicacao_no016-2023.pdf","data_ultima_atualizacao":"2023-07-17T14:50:10.698880-03:00","ip":"143.208.83.3","ultima_edicao":"2023-07-17T14:49:37.554493-03:00","tipo":8,"regime_tramitacao":1,"tipo_origem_externa":null,"local_origem_externa":null,"user":17,"anexadas":[],"autores":[28]}