{"id":208,"__str__":"Requerimento n\u00ba 0 de 2025","link_detail_backend":"/materia/208","metadata":{},"numero":0,"ano":2025,"numero_protocolo":null,"data_apresentacao":"2025-03-17","tipo_apresentacao":"E","data_publicacao":null,"numero_origem_externa":"","ano_origem_externa":null,"data_origem_externa":null,"apelido":"","dias_prazo":null,"data_fim_prazo":null,"em_tramitacao":false,"polemica":false,"objeto":"","complementar":false,"ementa":"Requere os vereadores  de acordo com o previsto no regimento interno, que seja aberto uma comiss\u00e3o de \u00e9tica para as devidas provid\u00eancias legais.","indexacao":"","observacao":"","resultado":"","texto_original":null,"data_ultima_atualizacao":"2025-04-01T10:00:22.245081-03:00","ip":"143.208.83.3","ultima_edicao":"2025-03-21T08:30:30.188114-03:00","tipo":3,"regime_tramitacao":1,"tipo_origem_externa":null,"local_origem_externa":null,"user":24,"anexadas":[],"autores":[7]}