{"id":230,"__str__":"Projeto de Lei Executivo n\u00ba 12 de 2025","link_detail_backend":"/materia/230","metadata":{},"numero":12,"ano":2025,"numero_protocolo":81,"data_apresentacao":"2025-03-31","tipo_apresentacao":"E","data_publicacao":null,"numero_origem_externa":"","ano_origem_externa":null,"data_origem_externa":null,"apelido":"","dias_prazo":null,"data_fim_prazo":null,"em_tramitacao":false,"polemica":false,"objeto":"","complementar":false,"ementa":"Cria comiss\u00e3o municipal de defesa civil - COMDEC do munic\u00edpio de Kalor\u00e9, e d\u00e1 outras provid\u00eancias.","indexacao":"","observacao":"","resultado":"","texto_original":"http://sapl.kalore.pr.leg.br/media/sapl/public/materialegislativa/2025/230/pl_12-_defesa_civil.docx","data_ultima_atualizacao":"2025-05-05T08:12:05.302700-03:00","ip":"143.208.83.3","ultima_edicao":"2025-03-31T14:31:10.121052-03:00","tipo":9,"regime_tramitacao":1,"tipo_origem_externa":null,"local_origem_externa":null,"user":24,"anexadas":[],"autores":[39]}