{"id":241,"__str__":"Indica\u00e7\u00e3o n\u00ba 25 de 2025","link_detail_backend":"/materia/241","metadata":{},"numero":25,"ano":2025,"numero_protocolo":97,"data_apresentacao":"2025-04-14","tipo_apresentacao":"E","data_publicacao":null,"numero_origem_externa":"","ano_origem_externa":null,"data_origem_externa":null,"apelido":"","dias_prazo":null,"data_fim_prazo":null,"em_tramitacao":false,"polemica":false,"objeto":"","complementar":false,"ementa":"Indica ao executivo municipal a necessidade de instalar ilumina\u00e7\u00e3o no parquinho da Pra\u00e7a Central Francisco Lemes Gon\u00e7alves, pois o local encontra-se muito escuro. Al\u00e9m disso, solicita a aplica\u00e7\u00e3o de pedras no parquinho, para melhorar o acesso e garantir maior comodidade aos usu\u00e1rios.","indexacao":"","observacao":"","resultado":"","texto_original":"http://sapl.kalore.pr.leg.br/media/sapl/public/materialegislativa/2025/241/indicacao_25-2025_junior-parquinho.docx","data_ultima_atualizacao":"2025-04-15T09:37:40.781986-03:00","ip":"143.208.83.3","ultima_edicao":"2025-04-14T10:31:58.556203-03:00","tipo":8,"regime_tramitacao":1,"tipo_origem_externa":null,"local_origem_externa":null,"user":24,"anexadas":[],"autores":[22]}