{"id":244,"__str__":"Projeto de Lei Executivo n\u00ba 16 de 2025","link_detail_backend":"/materia/244","metadata":{},"numero":16,"ano":2025,"numero_protocolo":103,"data_apresentacao":"2025-04-28","tipo_apresentacao":"E","data_publicacao":null,"numero_origem_externa":"","ano_origem_externa":null,"data_origem_externa":null,"apelido":"","dias_prazo":null,"data_fim_prazo":null,"em_tramitacao":false,"polemica":false,"objeto":"","complementar":false,"ementa":"Torna obrigat\u00f3ria a capacita\u00e7\u00e3o em no\u00e7\u00f5es b\u00e1sicas de primeiros socorros a servidores de estabelecimentos de ensino da educa\u00e7\u00e3o b\u00e1sica ou recrea\u00e7\u00e3o infantil no \u00e2mbito do Munic\u00edpio de Kalor\u00e9 e d\u00e1 outras provid\u00eancias.","indexacao":"","observacao":"","resultado":"","texto_original":"http://sapl.kalore.pr.leg.br/media/sapl/public/materialegislativa/2025/244/pl_16_-_educacao.docx","data_ultima_atualizacao":"2025-08-25T10:05:03.974006-03:00","ip":"143.208.83.3","ultima_edicao":"2025-04-28T13:25:47.730040-03:00","tipo":9,"regime_tramitacao":1,"tipo_origem_externa":null,"local_origem_externa":null,"user":24,"anexadas":[],"autores":[39]}