{"id":270,"__str__":"Mo\u00e7\u00e3o n\u00ba 2 de 2025","link_detail_backend":"/materia/270","metadata":{},"numero":2,"ano":2025,"numero_protocolo":166,"data_apresentacao":"2025-06-27","tipo_apresentacao":"E","data_publicacao":null,"numero_origem_externa":"","ano_origem_externa":null,"data_origem_externa":null,"apelido":"","dias_prazo":null,"data_fim_prazo":null,"em_tramitacao":false,"polemica":false,"objeto":"","complementar":false,"ementa":"Mo\u00e7\u00e3o de rep\u00fadio n\u00ba 01/2025 referente \u00e0 A\u00e7\u00e3o Direta de Inconstitucionalidade n\u00ba 7796 proposta ao Supremo Tribunal Federal pela Federa\u00e7\u00e3o Brasileira das Associa\u00e7\u00f5es de S\u00edndrome de Down","indexacao":"","observacao":"","resultado":"","texto_original":null,"data_ultima_atualizacao":"2025-06-30T18:53:12.103063-03:00","ip":"143.208.81.1","ultima_edicao":"2025-06-30T18:51:45.872092-03:00","tipo":7,"regime_tramitacao":1,"tipo_origem_externa":null,"local_origem_externa":null,"user":24,"anexadas":[],"autores":[28]}