{"id":27,"__str__":"Projeto de Lei Executivo n\u00ba 3 de 2023","link_detail_backend":"/materia/27","metadata":{},"numero":3,"ano":2023,"numero_protocolo":null,"data_apresentacao":"2023-02-10","tipo_apresentacao":"O","data_publicacao":null,"numero_origem_externa":"","ano_origem_externa":null,"data_origem_externa":null,"apelido":"","dias_prazo":null,"data_fim_prazo":null,"em_tramitacao":true,"polemica":false,"objeto":"","complementar":false,"ementa":"disp\u00f5e sobre o reajuste aos servidores do quadro do magist\u00e9rio e d\u00e1 outras provid\u00eancias","indexacao":"","observacao":"","resultado":"","texto_original":null,"data_ultima_atualizacao":"2023-07-17T08:54:18.334773-03:00","ip":"143.208.83.3","ultima_edicao":"2023-07-10T14:17:16.057433-03:00","tipo":9,"regime_tramitacao":1,"tipo_origem_externa":null,"local_origem_externa":null,"user":17,"anexadas":[],"autores":[15]}