{"id":289,"__str__":"Projeto de Lei Executivo n\u00ba 36 de 2025","link_detail_backend":"/materia/289","metadata":{"signs":{"texto_original":{"admin":[],"autores":[["Washington Luiz da Silva",["2025-09-29T09:11:30-03:00","ICP-Brasil - Certificado PF A3"]]]}}},"numero":36,"ano":2025,"numero_protocolo":232,"data_apresentacao":"2025-09-29","tipo_apresentacao":"E","data_publicacao":null,"numero_origem_externa":"","ano_origem_externa":null,"data_origem_externa":null,"apelido":"","dias_prazo":null,"data_fim_prazo":null,"em_tramitacao":false,"polemica":false,"objeto":"","complementar":false,"ementa":"Disp\u00f5e sobre a institui\u00e7\u00e3o do Plano  Municipal de Seguran\u00e7a Alimentar e Nutricional de  Kalor\u00e9 \u2013 PR (PLANSAN) para o Quadri\u00eanio de 2025 a \r\n2029 e da outras provid\u00eancias.","indexacao":"","observacao":"","resultado":"","texto_original":"http://sapl.kalore.pr.leg.br/media/sapl/public/materialegislativa/2025/289/pl_36__-_institui_o_plano_municipal_de_seguranca_alimentar_e_nutricional_de_kalore.pdf","data_ultima_atualizacao":"2025-10-15T09:06:44.503752-03:00","ip":"143.208.83.168","ultima_edicao":"2025-09-29T15:24:07.534017-03:00","tipo":9,"regime_tramitacao":1,"tipo_origem_externa":null,"local_origem_externa":null,"user":22,"anexadas":[],"autores":[39]}