{"id":294,"__str__":"Indica\u00e7\u00e3o n\u00ba 45 de 2025","link_detail_backend":"/materia/294","metadata":{},"numero":45,"ano":2025,"numero_protocolo":247,"data_apresentacao":"2025-10-13","tipo_apresentacao":"E","data_publicacao":null,"numero_origem_externa":"","ano_origem_externa":null,"data_origem_externa":null,"apelido":"","dias_prazo":null,"data_fim_prazo":null,"em_tramitacao":false,"polemica":false,"objeto":"","complementar":false,"ementa":"Indica ao executivo municipal que estude junto aos setores respons\u00e1veis para se fazer valer a lei N\u00ba 1.494/2023 que disp\u00f5e sobre a denomina\u00e7\u00e3o de patrim\u00f4nios p\u00fablicos. Os mesmos devem ser identificados e as fam\u00edlias homenageadas.","indexacao":"","observacao":"","resultado":"","texto_original":"http://sapl.kalore.pr.leg.br/media/sapl/public/materialegislativa/2025/294/indicacao_45-2025_junior__fazer_valer_a_lei_no_1494_2023.docx","data_ultima_atualizacao":"2025-10-14T08:54:21.793080-03:00","ip":"143.208.83.152","ultima_edicao":"2025-10-13T13:28:22.683787-03:00","tipo":8,"regime_tramitacao":1,"tipo_origem_externa":null,"local_origem_externa":null,"user":22,"anexadas":[],"autores":[22]}