{"id":319,"__str__":"Projeto de Lei Executivo n\u00ba 3 de 2026","link_detail_backend":"/materia/319","metadata":{},"numero":3,"ano":2026,"numero_protocolo":9,"data_apresentacao":"2026-02-02","tipo_apresentacao":"E","data_publicacao":null,"numero_origem_externa":"","ano_origem_externa":null,"data_origem_externa":null,"apelido":"","dias_prazo":null,"data_fim_prazo":null,"em_tramitacao":false,"polemica":false,"objeto":"","complementar":false,"ementa":"Regulamenta a Pol\u00edtica Municipal de Educa\u00e7\u00e3o Integral em Tempo Integral no \u00e2mbito dos Centros Municipais de Educa\u00e7\u00e3o Infantil (CMEIs) e das Escolas P\u00fablicas Municipais, bem como outras provid\u00eancias.","indexacao":"","observacao":"","resultado":"","texto_original":"http://sapl.kalore.pr.leg.br/media/sapl/public/materialegislativa/2026/319/pl_003.2026_educacao_integral.docx","data_ultima_atualizacao":"2026-02-06T08:27:24.625565-03:00","ip":"143.208.83.144","ultima_edicao":"2026-02-02T14:15:36.087886-03:00","tipo":9,"regime_tramitacao":1,"tipo_origem_externa":null,"local_origem_externa":null,"user":25,"anexadas":[],"autores":[39]}