{"id":33,"__str__":"Projeto de Lei Executivo n\u00ba 9 de 2023","link_detail_backend":"/materia/33","metadata":{},"numero":9,"ano":2023,"numero_protocolo":null,"data_apresentacao":"2023-02-27","tipo_apresentacao":"E","data_publicacao":null,"numero_origem_externa":"","ano_origem_externa":null,"data_origem_externa":null,"apelido":"","dias_prazo":null,"data_fim_prazo":null,"em_tramitacao":false,"polemica":false,"objeto":"","complementar":false,"ementa":"Disp\u00f5e sobre a contrata\u00e7\u00e3o de aprendizes pelo \u00f3rg\u00e3o da Administra\u00e7\u00e3o P\u00fablica direta e indireta do Munic\u00edpio de Kalor\u00e9, Estado do Paran\u00e1 e d\u00e1 outras provid\u00eancias.","indexacao":"","observacao":"","resultado":"","texto_original":"http://sapl.kalore.pr.leg.br/media/sapl/public/materialegislativa/2023/33/pl_no09-2023.pdf","data_ultima_atualizacao":"2023-07-17T10:16:12.690673-03:00","ip":"143.208.83.3","ultima_edicao":"2023-07-17T10:14:46.001576-03:00","tipo":9,"regime_tramitacao":1,"tipo_origem_externa":null,"local_origem_externa":null,"user":17,"anexadas":[],"autores":[15]}