{"id":5,"__str__":"Indica\u00e7\u00e3o n\u00ba 2 de 2023","link_detail_backend":"/materia/5","metadata":{},"numero":2,"ano":2023,"numero_protocolo":null,"data_apresentacao":"2023-03-06","tipo_apresentacao":"E","data_publicacao":null,"numero_origem_externa":"","ano_origem_externa":null,"data_origem_externa":null,"apelido":"","dias_prazo":null,"data_fim_prazo":null,"em_tramitacao":false,"polemica":false,"objeto":"","complementar":false,"ementa":"Que, dentro das possibilidades, seja adquirido material para prote\u00e7\u00e3o contra chuva, sol e vento, com sistema retr\u00e1til (subir e descer|), na \u00e1rea externa do Sal\u00e3o da melhor idade do Distrito de Jussiara. No mercado existem acess\u00f3rios que podem solucionar com facilidade o problema chamados de \u201cToldo Cortina\u201d.","indexacao":"","observacao":"","resultado":"","texto_original":"http://sapl.kalore.pr.leg.br/media/sapl/public/materialegislativa/2023/5/indicacao_no2-2023.pdf","data_ultima_atualizacao":"2023-07-17T10:08:21.800960-03:00","ip":"143.208.83.3","ultima_edicao":"2023-07-17T10:07:43.211604-03:00","tipo":8,"regime_tramitacao":1,"tipo_origem_externa":null,"local_origem_externa":null,"user":17,"anexadas":[],"autores":[7]}