{"id":76,"__str__":"Projeto de Lei Legislativo n\u00ba 3 de 2023","link_detail_backend":"/materia/76","metadata":{},"numero":3,"ano":2023,"numero_protocolo":2,"data_apresentacao":"2023-09-11","tipo_apresentacao":"E","data_publicacao":null,"numero_origem_externa":"","ano_origem_externa":null,"data_origem_externa":null,"apelido":"","dias_prazo":null,"data_fim_prazo":null,"em_tramitacao":true,"polemica":false,"objeto":"","complementar":false,"ementa":"INSTITUI O \"DIA DE COMBATE AO BULLYING, CYBERBULLYING E A VIOL\u00caNCIA NA ESCOLA\", INCLUI NO CALEND\u00c1RIO DE EVENTOS DO MUNICIPIO DE KALOR\u00c9-PR., E D\u00c1 OUTRAS PROVID\u00caNCIAS.","indexacao":"","observacao":"","resultado":"","texto_original":null,"data_ultima_atualizacao":"2023-10-24T08:55:29.378664-03:00","ip":"143.208.83.3","ultima_edicao":"2023-09-11T14:43:09.783842-03:00","tipo":10,"regime_tramitacao":1,"tipo_origem_externa":null,"local_origem_externa":null,"user":17,"anexadas":[],"autores":[22]}