{"id":77,"__str__":"Indica\u00e7\u00e3o n\u00ba 24 de 2023","link_detail_backend":"/materia/77","metadata":{},"numero":24,"ano":2023,"numero_protocolo":null,"data_apresentacao":"2023-09-15","tipo_apresentacao":"E","data_publicacao":null,"numero_origem_externa":"","ano_origem_externa":null,"data_origem_externa":null,"apelido":"","dias_prazo":null,"data_fim_prazo":null,"em_tramitacao":false,"polemica":false,"objeto":"","complementar":false,"ementa":"Solicito que seja enviado ao setor respons\u00e1vel, para que tome algum tipo de provid\u00eancia no bueiro que existe na rua vereador Reinaldo Barbieri, ao lado do sindicato. O mesmo est\u00e1 causando transtornos de acessibilidade para portadores de necessidades especiais, pois a cal\u00e7ada tamb\u00e9m se encontra em p\u00e9ssimas condi\u00e7\u00f5es. Uma solu\u00e7\u00e3o seria uma chapa de a\u00e7o.","indexacao":"","observacao":"","resultado":"","texto_original":"http://sapl.kalore.pr.leg.br/media/sapl/public/materialegislativa/2023/77/024-2023.pdf","data_ultima_atualizacao":"2023-09-18T19:53:37.360563-03:00","ip":"143.208.83.3","ultima_edicao":"2023-09-18T09:23:56.212654-03:00","tipo":8,"regime_tramitacao":1,"tipo_origem_externa":null,"local_origem_externa":null,"user":17,"anexadas":[],"autores":[22]}