{"id":86,"__str__":"Projeto de Lei Executivo n\u00ba 25 de 2023","link_detail_backend":"/materia/86","metadata":{},"numero":25,"ano":2023,"numero_protocolo":11,"data_apresentacao":"2023-10-09","tipo_apresentacao":"E","data_publicacao":null,"numero_origem_externa":"","ano_origem_externa":null,"data_origem_externa":null,"apelido":"","dias_prazo":null,"data_fim_prazo":null,"em_tramitacao":true,"polemica":false,"objeto":"","complementar":true,"ementa":"Disp\u00f5e sobre o Reajuste aos servidores do quadro do Magist\u00e9rio e d\u00e1 outras provid\u00eancias.","indexacao":"","observacao":"","resultado":"","texto_original":null,"data_ultima_atualizacao":"2023-10-24T08:56:54.675300-03:00","ip":"143.208.83.2","ultima_edicao":"2023-10-10T09:56:50.057445-03:00","tipo":9,"regime_tramitacao":1,"tipo_origem_externa":null,"local_origem_externa":null,"user":17,"anexadas":[],"autores":[15]}