{"id":93,"__str__":"Requerimento n\u00ba 11 de 2023","link_detail_backend":"/materia/93","metadata":{},"numero":11,"ano":2023,"numero_protocolo":null,"data_apresentacao":"2023-10-11","tipo_apresentacao":"E","data_publicacao":null,"numero_origem_externa":"","ano_origem_externa":null,"data_origem_externa":null,"apelido":"","dias_prazo":null,"data_fim_prazo":null,"em_tramitacao":true,"polemica":false,"objeto":"","complementar":false,"ementa":"REQUERER que submeta a an\u00e1lise do Plen\u00e1rio e seja procedida a constitui\u00e7\u00e3o de Comiss\u00e3o Especial, a ser composta por 03 (tr\u00eas) membros do Legislativo, pelo prazo de 30 (trinta) dias, prorrog\u00e1veis por igual per\u00edodo, com a finalidade espec\u00edfica:\r\n1 - Realizar revis\u00e3o das Cess\u00f5es de Uso de tratores e outros Implementos Agr\u00edcolas para as Associa\u00e7\u00f5es Rurais e de Bairros do Munic\u00edpio de Kalor\u00e9, tendo em vista que o prazo das Cess\u00f5es terminou e n\u00e3o houve prorroga\u00e7\u00e3o e se faz necess\u00e1rio tamb\u00e9m observar se as regras das Cess\u00f5es de Uso est\u00e3o sendo cumpridas.\r\n2 - Aprovado o presente Requerimento, que o Presidente fa\u00e7a a indica\u00e7\u00e3o dos nomes dos Vereadores que ir\u00e3o compor a Comiss\u00e3o Especial.","indexacao":"","observacao":"","resultado":"","texto_original":null,"data_ultima_atualizacao":"2023-10-24T13:34:10.830797-03:00","ip":"143.208.83.87","ultima_edicao":"2023-10-24T13:30:02.242134-03:00","tipo":3,"regime_tramitacao":1,"tipo_origem_externa":null,"local_origem_externa":null,"user":17,"anexadas":[],"autores":[24]}