{"id":96,"__str__":"Indica\u00e7\u00e3o n\u00ba 30 de 2023","link_detail_backend":"/materia/96","metadata":{},"numero":30,"ano":2023,"numero_protocolo":29,"data_apresentacao":"2023-10-27","tipo_apresentacao":"E","data_publicacao":null,"numero_origem_externa":"","ano_origem_externa":null,"data_origem_externa":null,"apelido":"","dias_prazo":null,"data_fim_prazo":null,"em_tramitacao":true,"polemica":false,"objeto":"","complementar":false,"ementa":"Que seja determinado ao setor competente a higieniza\u00e7\u00e3o e/ou descontamina\u00e7\u00e3o da Quadra de areia. Muitas pessoas da comunidade frequentam o local para praticas esportivas e a areia contaminada por fungos e bact\u00e9rias est\u00e1 transmitindo doen\u00e7as, como micoses e bicho geogr\u00e1fico, esta a\u00e7\u00e3o \u00e9 importante para preservar a sa\u00fade dos usu\u00e1rios.","indexacao":"","observacao":"","resultado":"","texto_original":null,"data_ultima_atualizacao":"2023-10-31T13:55:35.841084-03:00","ip":"143.208.83.2","ultima_edicao":"2023-10-31T13:55:35.739936-03:00","tipo":8,"regime_tramitacao":1,"tipo_origem_externa":null,"local_origem_externa":null,"user":17,"anexadas":[],"autores":[22]}