{"id":71,"__str__":"OFC N\u00ba 057/2024 - Oficio","link_detail_backend":"/docadm/71","metadata":{"signs":{"texto_integral":{"admin":[],"autores":[["Leticia Lilian Kirschnick Seyr",["2024-03-08T12:41:07-03:00","ICP-Brasil"]],["Nome do Assinante N\u00e3o Localizado.",[null,"TJPR"]]]}}},"numero":57,"complemento":"","ano":2024,"data":"2024-03-11","interessado":"Presidente da C\u00e2mara Municipal de Kalor\u00e9","dias_prazo":null,"data_fim_prazo":null,"tramitacao":true,"assunto":"Juizo Eleitoral da Comarca de Jandaia do Sul, Estado do Paran\u00e1, Solicita informa\u00e7\u00f5es sobre o n\u00famero de vagas para o cargo de Vereador(a).","numero_externo":null,"observacao":"Juizo Eleitoral da Comarca de Jandaia do Sul, Estado do Paran\u00e1.","texto_integral":"http://sapl.kalore.pr.leg.br/media/sapl/private/documentoadministrativo/71/oficio_n._057-2024_-_solicita_informacao_-_camara_de_kalore2079.pdf","restrito":false,"ip":"143.208.83.2","ultima_edicao":"2024-03-11T15:08:28.454147-03:00","tipo":2,"protocolo":103,"autor":null,"user":24,"anexados":[],"materiasvinculadas":[]}