{"id":5,"__str__":"Ordem: Ordem do Dia/Expediente: 2 - Indica\u00e7\u00e3o n\u00ba 33 de 2023 em 31\u00aa Sess\u00e3o Ordin\u00e1ria da 3\u00aa Sess\u00e3o Legislativa da 15\u00aa Legislatura - Requerente: MOACIR FUZETI SEGUNDO - Mat\u00e9ria: Indica\u00e7\u00e3o n\u00ba 33 de 2023","link_detail_backend":"/sessao/retiradapauta/5","metadata":{},"data":"2023-11-06","observacao":"Retirada a Indica\u00e7\u00e3o da ordem do dia, devido ao n\u00e3o comparecimento do Autor.","materia":99,"sessao_plenaria":44,"ordem":128,"expediente":null,"parlamentar":92,"tipo_de_retirada":1}