{"headers": {"id": "ID", "ano": "Ano", "numero": "N\u00famero", "tipo__sigla": "Tipo de Mat\u00e9ria Legislativa/Sigla", "tipo__descricao": "Tipo de Mat\u00e9ria Legislativa/Descri\u00e7\u00e3o", "autoria": "Autorias", "texto_original": "Texto Original", "ementa": "Ementa"}, "results": [{"id": "325", "ano": "2026", "numero": "1", "tipo__sigla": "IND", "tipo__descricao": "Indica\u00e7\u00e3o", "autoria": "JOSIELTON FERNANDO MACARI", "texto_original": "http://sapl.kalore.pr.leg.br/media/sapl/public/materialegislativa/2026/325/indicacao_01-2025_josielton__casa_da_memoria_kaloreense.docx", "ementa": "Indica\u00e7\u00e3o ao Poder Executivo Municipal para que analise a possibilidade de cria\u00e7\u00e3o da Casa da Mem\u00f3ria Kaloreense, com a finalidade de preservar a hist\u00f3ria e a identidade cultural do munic\u00edpio."}, {"id": "331", "ano": "2026", "numero": "2", "tipo__sigla": "IND", "tipo__descricao": "Indica\u00e7\u00e3o", "autoria": "MARCOS ROBERTO SANCHES JUNIOR", "texto_original": "http://sapl.kalore.pr.leg.br/media/sapl/public/materialegislativa/2026/331/indicacao_02-2026_-_junior_-_melhorias_asfalto_jussiara.docx", "ementa": "Indica ao Executivo Municipal a necessidade de reparos nas ruas do Distrito de Jussiara."}, {"id": "333", "ano": "2026", "numero": "3", "tipo__sigla": "IND", "tipo__descricao": "Indica\u00e7\u00e3o", "autoria": "MOACIR FUZETI SEGUNDO, NILDA FRANCO RIOS", "texto_original": "http://sapl.kalore.pr.leg.br/media/sapl/public/materialegislativa/2026/333/indicacao_03-2026_-_moacir_-_iluminacao_cocari.docx", "ementa": "Indica ao Poder Executivo a instala\u00e7\u00e3o de ilumina\u00e7\u00e3o p\u00fablica na Rua Bar\u00e3o do Rio Branco, nas proximidades da Cocari, visando maior seguran\u00e7a aos moradores e usu\u00e1rios da via."}, {"id": "334", "ano": "2026", "numero": "4", "tipo__sigla": "IND", "tipo__descricao": "Indica\u00e7\u00e3o", "autoria": "MOACIR FUZETI SEGUNDO", "texto_original": "http://sapl.kalore.pr.leg.br/media/sapl/public/materialegislativa/2026/334/indicacao_04-2026_-_moacir_-_flexibilidade_nas_escolas-_ensino_integral.docx", "ementa": "Indica ao Poder Executivo que seja assegurado aos pais e respons\u00e1veis o direito de escolha entre o ensino em per\u00edodo integral ou parcial na rede municipal, vedando a obrigatoriedade do regime integral."}, {"id": "336", "ano": "2026", "numero": "5", "tipo__sigla": "IND", "tipo__descricao": "Indica\u00e7\u00e3o", "autoria": "GERALDO CARLOS MASSOCATTO, VALDEMIR JOS\u00c9 PIVATI", "texto_original": "http://sapl.kalore.pr.leg.br/media/sapl/public/materialegislativa/2026/336/indicacao_05-2026_-_tatu_e_massocatto_-_iluminacao_campinho.docx", "ementa": "Indica ao Poder Executivo Municipal que providencie a instala\u00e7\u00e3o de mais 02 (dois) postes de ilumina\u00e7\u00e3o no \u201cMeu Campinho\u201d, localizado no Distrito de Jussiara."}, {"id": "337", "ano": "2026", "numero": "6", "tipo__sigla": "IND", "tipo__descricao": "Indica\u00e7\u00e3o", "autoria": "GERALDO CARLOS MASSOCATTO, ROBERTO NOGUEIRA DE SOUSA", "texto_original": "http://sapl.kalore.pr.leg.br/media/sapl/public/materialegislativa/2026/337/indicacao_06-2026_-_buga_e_massocatto_-_nome_do_meu_campinho_de_jussiara___pedro_batista_do_carmo_.docx", "ementa": "Os Vereadores Geraldo Carlos Massocatto e Roberto Nogueira de Sousa, no uso de suas atribui\u00e7\u00f5es regimentais, v\u00eam respeitosamente indicar ao Poder Executivo Municipal que seja atribu\u00eddo ao espa\u00e7o esportivo \u201cMeu Campinho\u201d, localizado no Distrito de Jussiara, o nome de Pedro Batista do Carmo."}, {"id": "342", "ano": "2026", "numero": "7", "tipo__sigla": "IND", "tipo__descricao": "Indica\u00e7\u00e3o", "autoria": "MOACIR FUZETI SEGUNDO", "texto_original": "http://sapl.kalore.pr.leg.br/media/sapl/public/materialegislativa/2026/342/indicacao_07-2026_-_moacir_-_transito_em_frente_a_creche_melhorias.docx", "ementa": "Indica ao Poder Executivo que, por meio do setor competente, adote medidas visando \u00e0 melhoria do tr\u00e2nsito em frente \u00e0 Creche Municipal, considerando o intenso fluxo de ve\u00edculos e pedestres, especialmente nos hor\u00e1rios de entrada e sa\u00edda das crian\u00e7as."}, {"id": "343", "ano": "2026", "numero": "8", "tipo__sigla": "IND", "tipo__descricao": "Indica\u00e7\u00e3o", "autoria": "JOSETE CARDOSO DE S\u00c1", "texto_original": "http://sapl.kalore.pr.leg.br/media/sapl/public/materialegislativa/2026/343/indicacao_08-2026_-_josete_-_tec_de_enfermagem_na_cheche_cmei_tereza_vicentim.docx", "ementa": "Disp\u00f5e sobre a disponibiliza\u00e7\u00e3o de profissional da \u00e1rea de enfermagem no Centro Municipal de Educa\u00e7\u00e3o Infantil (CMEI) Tereza Vicentim, visando garantir maior seguran\u00e7a e atendimento \u00e0 sa\u00fade das crian\u00e7as da rede municipal de ensino."}, {"id": "324", "ano": "2026", "numero": "1", "tipo__sigla": "PDL", "tipo__descricao": "Projeto de Decreto Legislativo", "autoria": "C\u00c2MARA MUNICIPAL DE KALOR\u00c9 - CMK", "texto_original": "http://sapl.kalore.pr.leg.br/media/sapl/public/materialegislativa/2026/324/projeto_de_decreto_legislativo_01-2026-_transferencia_da_camara_sessoes_em_jussiara.docx", "ementa": "TRANSFERE TEMPORARIAMENTE A SEDE DA C\u00c2MARA MUNICIPAL DE KALOR\u00c9, ESTADO DO PARAN\u00c1."}, {"id": "313", "ano": "2026", "numero": "1", "tipo__sigla": "PLE", "tipo__descricao": "Projeto de Lei Executivo", "autoria": "WASHINGTON LUIZ DA SILVA", "texto_original": "http://sapl.kalore.pr.leg.br/media/sapl/public/materialegislativa/2026/313/projeto_de_lei_no_001-2026-reajuste_salarial.doc", "ementa": "Disp\u00f5e sobre Reajuste Salarial dos Servidores Municipais Ativos, inativos e pensionistas da Administra\u00e7\u00e3o Direta e Indireta e d\u00e1 outras provid\u00eancias."}, {"id": "314", "ano": "2026", "numero": "2", "tipo__sigla": "PLE", "tipo__descricao": "Projeto de Lei Executivo", "autoria": "WASHINGTON LUIZ DA SILVA", "texto_original": "http://sapl.kalore.pr.leg.br/media/sapl/public/materialegislativa/2026/314/projeto_de_lei_no_002-2026-reajuste_salarial.prefeito_e_vicedoc.doc", "ementa": "S\u00daMULA: \u201cDisp\u00f5e sobre Reposi\u00e7\u00e3o Inflacion\u00e1ria nos subs\u00eddios do Prefeito, Vice Prefeito e Secret\u00e1rios Municipais e d\u00e1 outras provid\u00eancias\u201d."}, {"id": "319", "ano": "2026", "numero": "3", "tipo__sigla": "PLE", "tipo__descricao": "Projeto de Lei Executivo", "autoria": "WASHINGTON LUIZ DA SILVA", "texto_original": "http://sapl.kalore.pr.leg.br/media/sapl/public/materialegislativa/2026/319/pl_003.2026_educacao_integral.docx", "ementa": "Regulamenta a Pol\u00edtica Municipal de Educa\u00e7\u00e3o Integral em Tempo Integral no \u00e2mbito dos Centros Municipais de Educa\u00e7\u00e3o Infantil (CMEIs) e das Escolas P\u00fablicas Municipais, bem como outras provid\u00eancias."}, {"id": "318", "ano": "2026", "numero": "4", "tipo__sigla": "PLE", "tipo__descricao": "Projeto de Lei Executivo", "autoria": "WASHINGTON LUIZ DA SILVA", "texto_original": "http://sapl.kalore.pr.leg.br/media/sapl/public/materialegislativa/2026/318/pl_004.2026_teto_rpv.docx", "ementa": "Disp\u00f5e sobre a fixa\u00e7\u00e3o do valor para pagamento de obriga\u00e7\u00f5es de pequeno valor, decorrentes de decis\u00f5es judiciais, nos termos do artigo 100, \u00a7\u00a7 3\u00ba e 4\u00ba da Constitui\u00e7\u00e3o Federal\u201d."}, {"id": "317", "ano": "2026", "numero": "5", "tipo__sigla": "PLE", "tipo__descricao": "Projeto de Lei Executivo", "autoria": "WASHINGTON LUIZ DA SILVA", "texto_original": "http://sapl.kalore.pr.leg.br/media/sapl/public/materialegislativa/2026/317/pl_005.2026_refis_2026.docx", "ementa": "\u201cDisp\u00f5e sobre o Programa de Recupera\u00e7\u00e3o Fiscal \u2013 REFIS 2026, relativo aos d\u00e9bitos fiscais junto ao Munic\u00edpio de Kalor\u00e9, e d\u00e1 outras provid\u00eancias.\u201d"}, {"id": "320", "ano": "2026", "numero": "6", "tipo__sigla": "PLE", "tipo__descricao": "Projeto de Lei Executivo", "autoria": "WASHINGTON LUIZ DA SILVA", "texto_original": "http://sapl.kalore.pr.leg.br/media/sapl/public/materialegislativa/2026/320/pl_06_-_alteracao_salarial_encarregado_rede_e_ramais_do_saaek.pdf", "ementa": "Disp\u00f5e sobre a altera\u00e7\u00e3o do vencimento b\u00e1sico do cargo de Encarregado de Redes e Ramais indicado no Anexo I da Lei Municipal n\u00ba  929/2003, que instituiu o Plano de Cargos e Carreiras da Autarquia Municipal  SAEEK \u2013 SERVI\u00c7O AUT\u00d4NOMO DE \u00c1GUA E ESGOTO DE KALOR\u00c9, e  d\u00e1 outras provid\u00eancias"}, {"id": "321", "ano": "2026", "numero": "7", "tipo__sigla": "PLE", "tipo__descricao": "Projeto de Lei Executivo", "autoria": "WASHINGTON LUIZ DA SILVA", "texto_original": "http://sapl.kalore.pr.leg.br/media/", "ementa": "Autoriza cr\u00e9dito especial de at\u00e9 700.000,00 (Setecentos Mil Reais)"}, {"id": "322", "ano": "2026", "numero": "8", "tipo__sigla": "PLE", "tipo__descricao": "Projeto de Lei Executivo", "autoria": "WASHINGTON LUIZ DA SILVA", "texto_original": "http://sapl.kalore.pr.leg.br/media/sapl/public/materialegislativa/2026/322/pl_8_-_altera_artigo_5o_da_lei_1592-2025.pdf", "ementa": "Altera o artigo 5\u00ba da Lei Municipal n\u00ba 1.592/2025, que disp\u00f5e sobre a Pol\u00edtica Municipal dos Direitos da Mulher, cria o Fundo Municipal, e d\u00e1 outras provid\u00eancias."}, {"id": "323", "ano": "2026", "numero": "9", "tipo__sigla": "PLE", "tipo__descricao": "Projeto de Lei Executivo", "autoria": "WASHINGTON LUIZ DA SILVA", "texto_original": "http://sapl.kalore.pr.leg.br/media/sapl/public/materialegislativa/2026/323/pl_9_-_altera_artigos_5o_e_6o_da_lei_1591-2025.pdf", "ementa": "Altera os artigos 5\u00ba e 6\u00ba da Lei Municipal n\u00ba 1.591/2025, que disp\u00f5e sobre a Pol\u00edtica Municipal dos Direitos da Mulher, cria o Conselho Municipal, e d\u00e1 outras provid\u00eancias."}, {"id": "326", "ano": "2026", "numero": "10", "tipo__sigla": "PLE", "tipo__descricao": "Projeto de Lei Executivo", "autoria": "WASHINGTON LUIZ DA SILVA", "texto_original": "http://sapl.kalore.pr.leg.br/media/sapl/public/materialegislativa/2026/326/pl_10_-_servico_de_inspecao_municipal_-sim.pdf", "ementa": "Disp\u00f5e sobre a cria\u00e7\u00e3o do Servi\u00e7o de Inspe\u00e7\u00e3o Municipal de Produtos de Origem Animal (SIM/POA) e d\u00e1 outras provid\u00eancias."}, {"id": "328", "ano": "2026", "numero": "11", "tipo__sigla": "PLE", "tipo__descricao": "Projeto de Lei Executivo", "autoria": "WASHINGTON LUIZ DA SILVA", "texto_original": "http://sapl.kalore.pr.leg.br/media/sapl/public/materialegislativa/2026/328/pl_11_educacao.docx", "ementa": "Institui a Avalia\u00e7\u00e3o Anual de Desempenho dos servidores lotados na Secretaria Municipal de Educa\u00e7\u00e3o do Munic\u00edpio de Kalor\u00e9 e d\u00e1 outras provid\u00eancias."}, {"id": "327", "ano": "2026", "numero": "12", "tipo__sigla": "PLE", "tipo__descricao": "Projeto de Lei Executivo", "autoria": "WASHINGTON LUIZ DA SILVA", "texto_original": "http://sapl.kalore.pr.leg.br/media/sapl/public/materialegislativa/2026/327/pl_12.2026_multas_veiculos_oficiais-assinado.pdf", "ementa": "Disp\u00f5e sobre a responsabilidade pelo pagamento de multas de tr\u00e2nsito  aplicadas a ve\u00edculos oficiais do Munic\u00edpio de Kalor\u00e9, estabelece \r\nprocedimentos para identifica\u00e7\u00e3o do condutor respons\u00e1vel e disciplina o ressarcimento ao er\u00e1rio."}, {"id": "329", "ano": "2026", "numero": "13", "tipo__sigla": "PLE", "tipo__descricao": "Projeto de Lei Executivo", "autoria": "WASHINGTON LUIZ DA SILVA", "texto_original": "http://sapl.kalore.pr.leg.br/media/", "ementa": "Disp\u00f5es sobre a reestrutura\u00e7\u00e3o do Servi\u00e7o de Inspe\u00e7\u00e3o Municipal de Produtos de Origem Animal (SIM/POA) e d\u00e1 outras provid\u00eancias."}, {"id": "332", "ano": "2026", "numero": "14", "tipo__sigla": "PLE", "tipo__descricao": "Projeto de Lei Executivo", "autoria": "WASHINGTON LUIZ DA SILVA", "texto_original": "http://sapl.kalore.pr.leg.br/media/sapl/public/materialegislativa/2026/332/pl_14_-_saaek_alteracao_de_dispositivo_da_lei.pdf", "ementa": "Disp\u00f5e sobre a altera\u00e7\u00e3o de dispositivo na Lei Municipal n\u00ba 929/2003"}, {"id": "335", "ano": "2026", "numero": "15", "tipo__sigla": "PLE", "tipo__descricao": "Projeto de Lei Executivo", "autoria": "WASHINGTON LUIZ DA SILVA", "texto_original": "http://sapl.kalore.pr.leg.br/media/sapl/public/materialegislativa/2026/335/pl_15_-_adesao_ao_programa_casa_facil.pdf", "ementa": "Autoriza o poder executivo municipal a aderir ao Programa Casa F\u00e1cil Paran\u00e1, a firmar conv\u00eanios, conceder incentivos fiscais, aportar recursos, executar a\u00e7\u00f5es necess\u00e1rias \u00e0 implanta\u00e7\u00e3o de empreendimentos habitacionais de interesse social e realizar a titula\u00e7\u00e3o aos benefici\u00e1rios finais, e d\u00e1 outras provid\u00eancias."}, {"id": "340", "ano": "2026", "numero": "16", "tipo__sigla": "PLE", "tipo__descricao": "Projeto de Lei Executivo", "autoria": "WASHINGTON LUIZ DA SILVA", "texto_original": "http://sapl.kalore.pr.leg.br/media/", "ementa": "AUTORIZA O PODER EXECUTIVO MUNICIPAL A CONTRATAR OPERA\u00c7\u00d5ES DE CR\u00c9DITO COM A AG\u00caNCIA DE FOMENTO DO PARAN\u00c1 S.A., E D\u00c1 OUTRAS PROVID\u00caNCIAS."}, {"id": "338", "ano": "2026", "numero": "17", "tipo__sigla": "PLE", "tipo__descricao": "Projeto de Lei Executivo", "autoria": "WASHINGTON LUIZ DA SILVA", "texto_original": "http://sapl.kalore.pr.leg.br/media/", "ementa": "Autoriza o Poder Executivo Municipal a Transferir para a Associa\u00e7\u00e3o dos pais e amigos dos excepcionais de Kalor\u00e9/PR- APAE do munic\u00edpio de Kalor\u00e9 - Estado do Paran\u00e1, via Programa: ESTRUTURA\u00c7\u00c3O DE REDE DE SERVI\u00c7OS DO SUAS - EMENDAS INDIVIDUAIS, que tem por finalidade Estrutura\u00e7\u00e3o da Rede de Servi\u00e7os do Sistema \u00danico de Assist\u00eancia Social - SUAS, mediante transfer\u00eancia volunt\u00e1ria de recursos, modalidade fundo a fundo."}, {"id": "339", "ano": "2026", "numero": "18", "tipo__sigla": "PLE", "tipo__descricao": "Projeto de Lei Executivo", "autoria": "WASHINGTON LUIZ DA SILVA", "texto_original": "http://sapl.kalore.pr.leg.br/media/", "ementa": "Autoriza o Poder Executivo Municipal a Transferir para a Associa\u00e7\u00e3o de Pais e Amigos dos Excepcionais de Kalor\u00e9/PR- APAE do munic\u00edpio de Kalor\u00e9- Estado do Paran\u00e1, via Programa: ESTRUTURA\u00c7\u00c3O DE REDE DE SERVI\u00c7OS DO SUAS- EMENDAS INDIVIDUAIS, que tem por finalidade estrutura\u00e7\u00e3o da rede de servi\u00e7os so sistema \u00fanico de assist\u00eancia social - SUAS, mediante transfer\u00eancia volunt\u00e1ria de recursos, modalidade fundo a fundo."}, {"id": "341", "ano": "2026", "numero": "19", "tipo__sigla": "PLE", "tipo__descricao": "Projeto de Lei Executivo", "autoria": "WASHINGTON LUIZ DA SILVA", "texto_original": "http://sapl.kalore.pr.leg.br/media/", "ementa": "Autoriza o poder executivo municipal a firmar conv\u00eanio com a Associa\u00e7\u00e3o de Pais e Amigos dos Excepcionais de Kalor\u00e9-PR APAE objetivando o repasse de recursos do FUNDEB e d\u00e1 outras provid\u00eancias."}, {"id": "315", "ano": "2026", "numero": "1", "tipo__sigla": "PLL", "tipo__descricao": "Projeto de Lei Legislativo", "autoria": "MARCOS ROBERTO SANCHES JUNIOR", "texto_original": "http://sapl.kalore.pr.leg.br/media/sapl/public/materialegislativa/2026/315/projeto_de_lei_01-2026_-_reajuste_subsidios_vereadores.docx", "ementa": "DISP\u00d5E SOBRE A RECOMPOSI\u00c7\u00c3O INFLACION\u00c1RIA ANUAL DOS SUB\u00cdDIOS DOS VEREADORES DA C\u00c2MARA MUNICIPAL DE KALOR\u00c9 E D\u00c1 OUTRAS PROVID\u00caNCIAS."}, {"id": "316", "ano": "2026", "numero": "2", "tipo__sigla": "PLL", "tipo__descricao": "Projeto de Lei Legislativo", "autoria": "MARCOS ROBERTO SANCHES JUNIOR", "texto_original": "http://sapl.kalore.pr.leg.br/media/sapl/public/materialegislativa/2026/316/projeto_de_lei_02-2026_-_reajuste_salarial_dos_servidores_do_legislativo.docx", "ementa": "DISP\u00d5E SOBRE O REAJUSTE SALARIAL ANUAL DOS VENCIMENTOS DOS SERVIDORES DA C\u00c2MARA MUNICIPAL DE KALOR\u00c9 E D\u00c1 OUTRAS PROVID\u00caNCIAS."}, {"id": "330", "ano": "2026", "numero": "1", "tipo__sigla": "REQ", "tipo__descricao": "Requerimento", "autoria": "MARCOS ROBERTO SANCHES JUNIOR", "texto_original": "http://sapl.kalore.pr.leg.br/media/sapl/public/materialegislativa/2026/330/requerimento_01-2025_-_conselho_tutelar.docx", "ementa": "Requer informa\u00e7\u00f5es ao Conselho Tutelar do Munic\u00edpio de Kalor\u00e9 sobre as atividades desenvolvidas no Distrito de Jussiara, dias e hor\u00e1rios de atendimento e funcionamento do plant\u00e3o para casos emergenciais."}]}