{"headers": {"id": "ID", "periodo": "Per\u00edodo", "titulo": "Mat\u00e9ria", "autor": "Autor", "ementa": "Ementa", "situacao": "Situa\u00e7\u00e3o"}, "results": [{"id": 343, "periodo": "ordem dia", "titulo": "Indica\u00e7\u00e3o n\u00ba 8 de 2026", "autor": "JOSETE CARDOSO DE S\u00c1", "ementa": "Disp\u00f5e sobre a disponibiliza\u00e7\u00e3o de profissional da \u00e1rea de enfermagem no Centro Municipal de Educa\u00e7\u00e3o Infantil (CMEI) Tereza Vicentim, visando garantir maior seguran\u00e7a e atendimento \u00e0 sa\u00fade das crian\u00e7as da rede municipal de ensino.", "situacao": "Proposi\u00e7\u00e3o inclusa na Ordem do Dia"}, {"id": 344, "periodo": "ordem dia", "titulo": "Indica\u00e7\u00e3o n\u00ba 9 de 2026", "autor": "JOSIELTON FERNANDO MACARI", "ementa": "Solicita ao Poder Executivo a constru\u00e7\u00e3o de banheiro p\u00fablico no Parque da Mina, no munic\u00edpio de Kalor\u00e9, visando melhor atendimento aos visitantes.", "situacao": "Proposi\u00e7\u00e3o inclusa na Ordem do Dia"}, {"id": 340, "periodo": "ordem dia", "titulo": "Projeto de Lei Executivo n\u00ba 16 de 2026", "autor": "WASHINGTON LUIZ DA SILVA - PREFEITO", "ementa": "AUTORIZA O PODER EXECUTIVO MUNICIPAL A CONTRATAR OPERA\u00c7\u00d5ES DE CR\u00c9DITO COM A AG\u00caNCIA DE FOMENTO DO PARAN\u00c1 S.A., E D\u00c1 OUTRAS PROVID\u00caNCIAS.", "situacao": "Proposi\u00e7\u00e3o inclusa na Ordem do Dia"}]}